{"id":1239,"date":"2013-12-18T00:16:19","date_gmt":"2013-12-17T22:16:19","guid":{"rendered":"http:\/\/pgd.repnje.si\/?p=1239"},"modified":"2013-12-18T00:16:19","modified_gmt":"2013-12-17T22:16:19","slug":"izobrazevanje-12","status":"publish","type":"post","link":"https:\/\/pgd.repnje.si\/?p=1239","title":{"rendered":"Izobra\u017eevanje"},"content":{"rendered":"<p style=\"text-align: justify;\">V petek 13.12. in soboto 14.12. je na\u0161 gasilec Ga\u0161per \u0160krjanec obiskoval gasilsko \u0161olo na Igu, kjer je opravljal te\u010daj nosilca izolirnih dihalnih aparatov. Te\u010daj je uspe\u0161no opravil in pridobil novo specialnost.<\/p>\n<p style=\"text-align: justify;\">Isti konec tedna pa je v organizaciji GZ Vodice potekal te\u010daj za uporabnika radijskih postaj. Iz na\u0161ega dru\u0161tva so se ga udele\u017eili trije gasilci in sicer Tone Jerman, Ga\u0161per \u0160krjanec in \u0160tefan Gori\u010danec. Vsi trije so te\u010daj uspe\u0161no zaklju\u010dili.<\/p>\n<p style=\"text-align: justify;\">Od oktobra do decembra pa je potekal osnovni te\u010daj za gasilca, ki je prvi predpogoj za priklju\u010ditev v operativne vrste. Organizacijo te\u010daja je prevzela GZ Vodice, izmed na\u0161ih \u010dlanov pa so se je udele\u017eili Anja \u010cernivec, Ne\u017ea \u0160krjanec, Ma\u0161a Pinta\u010d in Nejc \u010cernivec. Vsi \u0161tirje so te\u010daj uspe\u0161no opravili, \u017eelimo pa si enako tudi v prihodnjem letu, ko se bo vr\u0161il nadeljevalni te\u010daj za gasilca.<\/p>\n<p style=\"text-align: justify;\">Vsem te\u010dajnikom na razli\u010dnih te\u010dajih iskreno \u010destitamo.<\/p>\n","protected":false},"excerpt":{"rendered":"<p>V petek 13.12. in soboto 14.12. je na\u0161 gasilec Ga\u0161per \u0160krjanec obiskoval gasilsko \u0161olo na Igu, kjer je opravljal te\u010daj nosilca izolirnih dihalnih aparatov. Te\u010daj je uspe\u0161no opravil in pridobil novo specialnost. Isti konec tedna pa je v organizaciji GZ Vodice potekal te\u010daj za uporabnika radijskih postaj. Iz na\u0161ega dru\u0161tva so se ga udele\u017eili trije [&hellip;]<\/p>\n","protected":false},"author":5,"featured_media":0,"comment_status":"open","ping_status":"open","sticky":false,"template":"","format":"standard","meta":{"footnotes":"","_links_to":"","_links_to_target":""},"categories":[11],"tags":[],"class_list":["post-1239","post","type-post","status-publish","format-standard","hentry","category-izobrazevanja"],"_links":{"self":[{"href":"https:\/\/pgd.repnje.si\/index.php?rest_route=\/wp\/v2\/posts\/1239","targetHints":{"allow":["GET"]}}],"collection":[{"href":"https:\/\/pgd.repnje.si\/index.php?rest_route=\/wp\/v2\/posts"}],"about":[{"href":"https:\/\/pgd.repnje.si\/index.php?rest_route=\/wp\/v2\/types\/post"}],"author":[{"embeddable":true,"href":"https:\/\/pgd.repnje.si\/index.php?rest_route=\/wp\/v2\/users\/5"}],"replies":[{"embeddable":true,"href":"https:\/\/pgd.repnje.si\/index.php?rest_route=%2Fwp%2Fv2%2Fcomments&post=1239"}],"version-history":[{"count":1,"href":"https:\/\/pgd.repnje.si\/index.php?rest_route=\/wp\/v2\/posts\/1239\/revisions"}],"predecessor-version":[{"id":1240,"href":"https:\/\/pgd.repnje.si\/index.php?rest_route=\/wp\/v2\/posts\/1239\/revisions\/1240"}],"wp:attachment":[{"href":"https:\/\/pgd.repnje.si\/index.php?rest_route=%2Fwp%2Fv2%2Fmedia&parent=1239"}],"wp:term":[{"taxonomy":"category","embeddable":true,"href":"https:\/\/pgd.repnje.si\/index.php?rest_route=%2Fwp%2Fv2%2Fcategories&post=1239"},{"taxonomy":"post_tag","embeddable":true,"href":"https:\/\/pgd.repnje.si\/index.php?rest_route=%2Fwp%2Fv2%2Ftags&post=1239"}],"curies":[{"name":"wp","href":"https:\/\/api.w.org\/{rel}","templated":true}]}}