{"id":1181,"date":"2013-08-19T08:44:17","date_gmt":"2013-08-19T06:44:17","guid":{"rendered":"http:\/\/pgd.repnje.si\/?p=1181"},"modified":"2014-10-30T08:29:03","modified_gmt":"2014-10-30T06:29:03","slug":"pgd-repnje-dobrusa-ze-drugo-leto-zapored-zastopano-v-mednarodnem-projektu-2","status":"publish","type":"post","link":"https:\/\/pgd.repnje.si\/?p=1181","title":{"rendered":"PGD Repnje- Dobru\u0161a \u017ee drugo leto zapored zastopano v mednarodnem projektu"},"content":{"rendered":"<p style=\"text-align: justify;\">Tako kot leto poprej \u00a0je PGD \u0160inkov Turn \u00a0pod okriljem \u00a0evropske organizacije Mladi v akciji ( Youth in Action) organiziralo mednarodno gasilsko izmenjavo s sloganom\u00a0\u00bbGORA \u2013 oGenj pOgasi, bRata spAsi!\u00ab , ki je potekala\u00a0od 4. &#8211; 10. avgusta v Gorenju nad Zre\u010dami. Na\u0161e dru\u0161tvo je zastopala ena \u010dlanica. Z veliko dobre volje in skupnim ciljem smo se slovenski in hrva\u0161ki udele\u017eenci izobra\u017eevali o tem kako postati bolj\u0161i mentorji, se sre\u010davali z razli\u010dnimi problemi dela mentorjev, spoznavali nove na\u010dine, metode dela, se veliko dru\u017eili, igrali, smejali, ustvarjali in zelo malo spali. Obiskali smo tudi PGD Zre\u010de, kjer smo se preizkusili v hitri vaji-\u00a0Loschangriff in do\u017eiveli mokri krst. Teden je minil kot bi trenil in vsi smo enotno sklenili, da se kmalu spet sre\u010damo. Tako so nas hrva\u0161ki gasilci \u017ee povabili na sre\u010danje v Vara\u017edin in obljubili, da bodo drugo leto tudi sami organizirali podoben projekt.<\/p>\n<p>Podroben opis:\u00a0<a href=\"http:\/\/www.pgdsinkovturn.si\/gora-ogenj-pogasi-brata-spasi\/\">http:\/\/www.pgdsinkovturn.si\/gora-ogenj-pogasi-brata-spasi\/<\/a><\/p>\n","protected":false},"excerpt":{"rendered":"<p>Tako kot leto poprej \u00a0je PGD \u0160inkov Turn \u00a0pod okriljem \u00a0evropske organizacije Mladi v akciji ( Youth in Action) organiziralo mednarodno gasilsko izmenjavo s sloganom\u00a0\u00bbGORA \u2013 oGenj pOgasi, bRata spAsi!\u00ab , ki je potekala\u00a0od 4. &#8211; 10. avgusta v Gorenju nad Zre\u010dami. Na\u0161e dru\u0161tvo je zastopala ena \u010dlanica. Z veliko dobre volje in skupnim ciljem [&hellip;]<\/p>\n","protected":false},"author":18,"featured_media":0,"comment_status":"open","ping_status":"open","sticky":false,"template":"","format":"standard","meta":{"footnotes":"","_links_to":"","_links_to_target":""},"categories":[4,13],"tags":[],"class_list":["post-1181","post","type-post","status-publish","format-standard","hentry","category-clanki","category-mladina"],"_links":{"self":[{"href":"https:\/\/pgd.repnje.si\/index.php?rest_route=\/wp\/v2\/posts\/1181","targetHints":{"allow":["GET"]}}],"collection":[{"href":"https:\/\/pgd.repnje.si\/index.php?rest_route=\/wp\/v2\/posts"}],"about":[{"href":"https:\/\/pgd.repnje.si\/index.php?rest_route=\/wp\/v2\/types\/post"}],"author":[{"embeddable":true,"href":"https:\/\/pgd.repnje.si\/index.php?rest_route=\/wp\/v2\/users\/18"}],"replies":[{"embeddable":true,"href":"https:\/\/pgd.repnje.si\/index.php?rest_route=%2Fwp%2Fv2%2Fcomments&post=1181"}],"version-history":[{"count":6,"href":"https:\/\/pgd.repnje.si\/index.php?rest_route=\/wp\/v2\/posts\/1181\/revisions"}],"predecessor-version":[{"id":1190,"href":"https:\/\/pgd.repnje.si\/index.php?rest_route=\/wp\/v2\/posts\/1181\/revisions\/1190"}],"wp:attachment":[{"href":"https:\/\/pgd.repnje.si\/index.php?rest_route=%2Fwp%2Fv2%2Fmedia&parent=1181"}],"wp:term":[{"taxonomy":"category","embeddable":true,"href":"https:\/\/pgd.repnje.si\/index.php?rest_route=%2Fwp%2Fv2%2Fcategories&post=1181"},{"taxonomy":"post_tag","embeddable":true,"href":"https:\/\/pgd.repnje.si\/index.php?rest_route=%2Fwp%2Fv2%2Ftags&post=1181"}],"curies":[{"name":"wp","href":"https:\/\/api.w.org\/{rel}","templated":true}]}}