{"id":1163,"date":"2013-08-13T14:03:55","date_gmt":"2013-08-13T12:03:55","guid":{"rendered":"http:\/\/pgd.repnje.si\/?p=1163"},"modified":"2022-01-10T07:40:33","modified_gmt":"2022-01-10T06:40:33","slug":"repenjski-gasilci-na-gori-trstelj","status":"publish","type":"post","link":"https:\/\/pgd.repnje.si\/?p=1163","title":{"rendered":"Repenj\u0161ki gasilci na gori Trstelj"},"content":{"rendered":"<p style=\"text-align: justify;\">V ponedeljek zjutraj ob 4.30 so iz na\u0161ega dru\u0161tva krenili Maru\u0161a Pinta\u010d, Ga\u0161per \u0160krjanec in Roman Bali\u017e z vozilom GVC 16\/50 protu Rudniku, kjer je bilo zbirno mesto gasilcev regije Ljubljana I. Pod na\u0161im imenom se je pridru\u017eil tudi kolega gasilec Rok Bajt iz PGD Jo\u0161t (GZ MO Kranj). V Ljubljani so se pridru\u017eili ostalim enotam izmed katerih so bili tudi trije gasilci PGD Polje v svojim GVV-1, v avtu pa so se jim dru\u017ebo delali tudi \u0161tirje \u010dlani PGD \u0160inkov Turn. Ob petih zjutraj so se razporedili v konvoj gasilskih vozil in se odpeljali na Kras. Na\u0161i gasilci so bili skupaj s sosedi iz GZ Vodice in \u0161e \u0161tirimi dru\u0161tvi iz GZ Ljubljana dodeljeni v sektor 3 kateremu je poveljeval Ale\u0161 Cedilnik iz PGD Tacen. Na terenu so se ga\u0161enja lotili z dvema napadalnima D vodoma in 8 parov gasilcev z naprtnja\u010dami. Na terenu so ostali do pribli\u017eno pete ure popoldan, ko so uspe\u0161no pogasili pogori\u0161\u010de velikosti okoli 500 kvadratnih metrov. Po kon\u010danem ga\u0161enju so se zbrali v \u0161tabu in od\u0161li proti domu.<\/p>\n\t\t<div id=\"grsGal0\" class=\"grsGal0 grsTemplate1\">\t\t\t<div class=\"grsGalCont\" ng-controller=\"grsFilm0\" ng-show=\"params.cssReady\" >\t\t\t\t<grs-film params=\"params\" resize scroll><\/grs-film>\t\t\t<\/div>\t\t<\/div>\t\t\t\t\t<script>\t\t\tvar grsAtts0 = jQuery.parseJSON('{\"id\":\"24\",\"view\":\"Film\",\"theme\":\"1\",\"width\":\"200\",\"height\":\"160\",\"contwidth\":\"100\",\"imagesperpage\":\"20\",\"nav\":\"both\",\"title\":\"no\",\"orderby\":\"order\",\"ordering\":\"ASC\",\"clickaction\":\"openLightbox\",\"openlinktarget\":\"_top\",\"lightboxwidth\":\"800\",\"lightboxheight\":\"600\",\"lightboxfilmstrip\":\"0\",\"lightboxcomment\":\"0\",\"lightboxcontbutts\":\"0\",\"lightboxfullw\":\"1\",\"lightboxfbutt\":\"1\",\"lightboxtbutt\":\"1\",\"lightboxpbutt\":\"1\",\"lightboxtbbutt\":\"1\",\"lightboxlibutt\":\"1\",\"lightboxreddbutt\":\"1\",\"lightboxfsbutt\":\"1\",\"lightboxap\":\"1\",\"lightboxapin\":\"3\",\"lightboximinf\":\"1\",\"lightboxswipe\":\"1\",\"lightboximcn\":\"1\",\"lightboxeffect\":\"fade\",\"themeLastModDate\":\"1602677886\"}');\t\t\tgrsApp.controller('grsFilm0', ['$scope', 'GrsService',\t\t\t\tfunction ($scope, GrsService) {\t\t\t\t\t$scope.params = {\t\t\t\t\t\tshatts: grsAtts0,\t\t\t\t\t\tgrs: '0',\t\t\t\t\t\tdata: {\t\t\t\t\t\t\timages : [],\t\t\t\t\t\t\tcomments: [],\t\t\t\t\t\t\ttheme: {}\t\t\t\t\t\t},\t\t\t\t\t\tcssReady: false\t\t\t\t\t};\t\t\t\t\tinsertCss(grsAtts0, '0');\t\t\t\t}\t\t\t]);\t\t<\/script>\t\t\n","protected":false},"excerpt":{"rendered":"<p>V ponedeljek zjutraj ob 4.30 so iz na\u0161ega dru\u0161tva krenili Maru\u0161a Pinta\u010d, Ga\u0161per \u0160krjanec in Roman Bali\u017e z vozilom GVC 16\/50 protu Rudniku, kjer je bilo zbirno mesto gasilcev regije Ljubljana I. Pod na\u0161im imenom se je pridru\u017eil tudi kolega gasilec Rok Bajt iz PGD Jo\u0161t (GZ MO Kranj). V Ljubljani so se pridru\u017eili ostalim [&hellip;]<\/p>\n","protected":false},"author":1,"featured_media":0,"comment_status":"open","ping_status":"open","sticky":false,"template":"","format":"standard","meta":{"footnotes":"","_links_to":"","_links_to_target":""},"categories":[5],"tags":[],"class_list":["post-1163","post","type-post","status-publish","format-standard","hentry","category-intervencije"],"_links":{"self":[{"href":"https:\/\/pgd.repnje.si\/index.php?rest_route=\/wp\/v2\/posts\/1163","targetHints":{"allow":["GET"]}}],"collection":[{"href":"https:\/\/pgd.repnje.si\/index.php?rest_route=\/wp\/v2\/posts"}],"about":[{"href":"https:\/\/pgd.repnje.si\/index.php?rest_route=\/wp\/v2\/types\/post"}],"author":[{"embeddable":true,"href":"https:\/\/pgd.repnje.si\/index.php?rest_route=\/wp\/v2\/users\/1"}],"replies":[{"embeddable":true,"href":"https:\/\/pgd.repnje.si\/index.php?rest_route=%2Fwp%2Fv2%2Fcomments&post=1163"}],"version-history":[{"count":11,"href":"https:\/\/pgd.repnje.si\/index.php?rest_route=\/wp\/v2\/posts\/1163\/revisions"}],"predecessor-version":[{"id":3286,"href":"https:\/\/pgd.repnje.si\/index.php?rest_route=\/wp\/v2\/posts\/1163\/revisions\/3286"}],"wp:attachment":[{"href":"https:\/\/pgd.repnje.si\/index.php?rest_route=%2Fwp%2Fv2%2Fmedia&parent=1163"}],"wp:term":[{"taxonomy":"category","embeddable":true,"href":"https:\/\/pgd.repnje.si\/index.php?rest_route=%2Fwp%2Fv2%2Fcategories&post=1163"},{"taxonomy":"post_tag","embeddable":true,"href":"https:\/\/pgd.repnje.si\/index.php?rest_route=%2Fwp%2Fv2%2Ftags&post=1163"}],"curies":[{"name":"wp","href":"https:\/\/api.w.org\/{rel}","templated":true}]}}