{"id":1152,"date":"2013-07-19T09:07:14","date_gmt":"2013-07-19T07:07:14","guid":{"rendered":"http:\/\/pgd.repnje.si\/?p=1152"},"modified":"2013-08-01T09:15:43","modified_gmt":"2013-08-01T07:15:43","slug":"vaja-gasenja-pozarov-v-naravnem-okolju","status":"publish","type":"post","link":"https:\/\/pgd.repnje.si\/?p=1152","title":{"rendered":"Vaja ga\u0161enja po\u017earov v naravnem okolju"},"content":{"rendered":"<p style=\"text-align: justify;\">V sredo, 17.7.2013, so nas gasilci PGD Brdo povabili, skupaj s PGD Vi\u010d, na vajo ga\u0161enja gozdnih po\u017earov. Zbralo se je osem na\u0161ih gasilcev, ki so proti Ljubljani od\u0161li z obema voziloma. Tam so se u\u010dili takti\u010dnih pristopov pri ga\u0161enju take vrste po\u017earov in pa tudi ogromno \u0161vicali, saj so cevovode vlekli tudi do kilometra dale\u010d po te\u017ekem terenu. Izkazalo se je, da za tak\u0161na dela nismo dovolj opremljeni, zato je poveljnik \u017ee napovedal predlog na naslednji seji UO, za nabavo nekaj kosov prepotrebne opreme, da bomo tudi ob takih intervencijah samozadostni, vsaj v prvih minutah, do prihoda drugih enot.<\/p>\n","protected":false},"excerpt":{"rendered":"<p>V sredo, 17.7.2013, so nas gasilci PGD Brdo povabili, skupaj s PGD Vi\u010d, na vajo ga\u0161enja gozdnih po\u017earov. Zbralo se je osem na\u0161ih gasilcev, ki so proti Ljubljani od\u0161li z obema voziloma. Tam so se u\u010dili takti\u010dnih pristopov pri ga\u0161enju take vrste po\u017earov in pa tudi ogromno \u0161vicali, saj so cevovode vlekli tudi do kilometra [&hellip;]<\/p>\n","protected":false},"author":5,"featured_media":0,"comment_status":"open","ping_status":"open","sticky":false,"template":"","format":"standard","meta":{"footnotes":"","_links_to":"","_links_to_target":""},"categories":[11],"tags":[],"class_list":["post-1152","post","type-post","status-publish","format-standard","hentry","category-izobrazevanja"],"_links":{"self":[{"href":"https:\/\/pgd.repnje.si\/index.php?rest_route=\/wp\/v2\/posts\/1152","targetHints":{"allow":["GET"]}}],"collection":[{"href":"https:\/\/pgd.repnje.si\/index.php?rest_route=\/wp\/v2\/posts"}],"about":[{"href":"https:\/\/pgd.repnje.si\/index.php?rest_route=\/wp\/v2\/types\/post"}],"author":[{"embeddable":true,"href":"https:\/\/pgd.repnje.si\/index.php?rest_route=\/wp\/v2\/users\/5"}],"replies":[{"embeddable":true,"href":"https:\/\/pgd.repnje.si\/index.php?rest_route=%2Fwp%2Fv2%2Fcomments&post=1152"}],"version-history":[{"count":3,"href":"https:\/\/pgd.repnje.si\/index.php?rest_route=\/wp\/v2\/posts\/1152\/revisions"}],"predecessor-version":[{"id":1159,"href":"https:\/\/pgd.repnje.si\/index.php?rest_route=\/wp\/v2\/posts\/1152\/revisions\/1159"}],"wp:attachment":[{"href":"https:\/\/pgd.repnje.si\/index.php?rest_route=%2Fwp%2Fv2%2Fmedia&parent=1152"}],"wp:term":[{"taxonomy":"category","embeddable":true,"href":"https:\/\/pgd.repnje.si\/index.php?rest_route=%2Fwp%2Fv2%2Fcategories&post=1152"},{"taxonomy":"post_tag","embeddable":true,"href":"https:\/\/pgd.repnje.si\/index.php?rest_route=%2Fwp%2Fv2%2Ftags&post=1152"}],"curies":[{"name":"wp","href":"https:\/\/api.w.org\/{rel}","templated":true}]}}